{"id":169,"date":"2026-07-13T13:31:00","date_gmt":"2026-07-13T11:31:00","guid":{"rendered":"https:\/\/remedi-prima.eu\/post002\/"},"modified":"2026-07-20T13:18:07","modified_gmt":"2026-07-20T11:18:07","slug":"mediterranan-rice-management-models-aim-to-enhance-biodiversity-and-improve-water-and-soil-quality","status":"publish","type":"post","link":"https:\/\/remedi-prima.eu\/it\/mediterranan-rice-management-models-aim-to-enhance-biodiversity-and-improve-water-and-soil-quality\/","title":{"rendered":"I modelli di gestione del riso mediterraneo mirano a potenziare la biodiversit\u00e0 e migliorare la qualit\u00e0 dell'acqua e del suolo"},"content":{"rendered":"<div data-elementor-type=\"wp-post\" data-elementor-id=\"169\" class=\"elementor elementor-169\" data-elementor-post-type=\"post\">\n\t\t\t\t\t\t<section class=\"elementor-section elementor-top-section elementor-element elementor-element-a72fa34 elementor-reverse-mobile elementor-section-boxed elementor-section-height-default elementor-section-height-default\" data-id=\"a72fa34\" data-element_type=\"section\" data-e-type=\"section\">\n\t\t\t\t\t\t<div class=\"elementor-container elementor-column-gap-wider\">\n\t\t\t\t\t<div class=\"elementor-column elementor-col-100 elementor-top-column elementor-element elementor-element-ee870b8\" data-id=\"ee870b8\" data-element_type=\"column\" data-e-type=\"column\">\n\t\t\t<div class=\"elementor-widget-wrap elementor-element-populated\">\n\t\t\t\t\t\t<div class=\"elementor-element elementor-element-23da6b0 elementor-widget elementor-widget-text-editor\" data-id=\"23da6b0\" data-element_type=\"widget\" data-e-type=\"widget\" data-widget_type=\"text-editor.default\">\n\t\t\t\t\t\t\t\t\t<p>Il progetto Remedi, coordinato da <a href=\"https:\/\/eurecat.org\/home\/en\/\">Eurecat<\/a> tecnologico, svilupper\u00e0 un nuovo modello di gestione per i sistemi di risicoltura in tutto il Mediterraneo, volto a integrare agricoltura e zone umide per promuovere pratiche pi\u00f9 sostenibili che migliorino la biodiversit\u00e0 e la qualit\u00e0 dell'acqua e del suolo.<\/p>\n<p>L'iniziativa si concentrer\u00e0 sulla fornitura di soluzioni a sfide quali il cambiamento climatico, la gestione delle risorse idriche, la conservazione della biodiversit\u00e0 e la produzione alimentare. Mira inoltre a rafforzare il ruolo degli agricoltori come attori chiave nella conservazione delle zone umide, promuovendo al contempo la collaborazione tra organizzazioni di ricerca, autorit\u00e0 pubbliche e altri stakeholder.<\/p>\n<blockquote>\n<p>\u201cIl progetto integra per la prima volta la coltivazione del riso e le zone umide come un sistema connesso che combina produzione agricola e conservazione della natura e incorpora pratiche innovative come l'agricoltura biodinamica e la gestione partecipativa dell'acqua, insieme al monitoraggio integrato della biodiversit\u00e0, dell'acqua e del carbonio.\u201d<\/p>\n<p><b>Coordinatrice del ReMedi, Carme Estruch, ricercatrice presso l\u2019Unit\u00e0 di Cambiamenti Climatici e Servizi Ecosistemici di Eurecat.<\/b><\/p>\n<\/blockquote>\t\t\t\t\t\t\t\t<\/div>\n\t\t\t\t<div class=\"elementor-element elementor-element-65d7d49 elementor-widget elementor-widget-spacer\" data-id=\"65d7d49\" data-element_type=\"widget\" data-e-type=\"widget\" data-widget_type=\"spacer.default\">\n\t\t\t\t\t\t\t<div class=\"elementor-spacer\">\n\t\t\t<div class=\"elementor-spacer-inner\"><\/div>\n\t\t<\/div>\n\t\t\t\t\t\t<\/div>\n\t\t\t\t<div class=\"elementor-element elementor-element-e820649 elementor-widget elementor-widget-text-editor\" data-id=\"e820649\" data-element_type=\"widget\" data-e-type=\"widget\" data-widget_type=\"text-editor.default\">\n\t\t\t\t\t\t\t\t\t<p><span class=\"TextRun SCXW121350070 BCX8\" lang=\"EN-GB\" xml:lang=\"EN-GB\" data-contrast=\"auto\"><span class=\"NormalTextRun SCXW121350070 BCX8\">Secondo Nil \u00c1lvarez, Direttore dell'Unit\u00e0 Cambiamento Climatico e Servizi Ecosistemici di Eurecat, questo approccio integrato, che pu\u00f2 essere applicato in diversi paesi del Mediterraneo.<\/span><\/span><\/p><blockquote><p><span data-contrast=\"auto\">\u201cQuesto approccio integrato generer\u00e0 modelli replicabili che potranno informare le politiche future e supportare raccomandazioni allineate con gli obiettivi del Green Deal europeo e della Legge sul ripristino della natura.<\/span><span data-ccp-props=\"{&quot;335551550&quot;:6,&quot;335551620&quot;:6}\">\u00a0<\/span><\/p><\/blockquote>\t\t\t\t\t\t\t\t<\/div>\n\t\t\t\t<div class=\"elementor-element elementor-element-2148a9c elementor-widget elementor-widget-spacer\" data-id=\"2148a9c\" data-element_type=\"widget\" data-e-type=\"widget\" data-widget_type=\"spacer.default\">\n\t\t\t\t\t\t\t<div class=\"elementor-spacer\">\n\t\t\t<div class=\"elementor-spacer-inner\"><\/div>\n\t\t<\/div>\n\t\t\t\t\t\t<\/div>\n\t\t\t\t<div class=\"elementor-element elementor-element-f248b61 elementor-widget elementor-widget-text-editor\" data-id=\"f248b61\" data-element_type=\"widget\" data-e-type=\"widget\" data-widget_type=\"text-editor.default\">\n\t\t\t\t\t\t\t\t\t<p>L'iniziativa implementer\u00e0 metodologie partecipative basate su Living Lab, coinvolgendo attivamente agricoltori, ricercatori, ONG e autorit\u00e0 pubbliche nella co-progettazione di soluzioni. Sar\u00e0 inoltre incluso un sistema di monitoraggio per valutare in modo integrato la biodiversit\u00e0, le dinamiche del carbonio e gli indicatori legati all'acqua.<\/p>\n<p><strong>Siti pilota in Spagna, Egitto, Italia e Turchia<\/strong><\/p>\n<p>Il progetto sar\u00e0 implementato in <a href=\"https:\/\/remedi-prima.eu\/it\/pilot-regions\/\">quattro siti pilota<\/a> in Spagna, Egitto, Italia e Turchia, dove le soluzioni saranno adattate ai contesti locali. Nel Delta dell'Ebro (Spagna), le attivit\u00e0 si concentreranno sulla riduzione delle emissioni di gas serra e sul progresso verso sistemi a carbonio neutro attraverso una migliore gestione dell'acqua. In Egitto, il progetto promuover\u00e0 tecniche di agricoltura biodinamica volte ad aumentare l'efficienza idrica e adattarsi alle condizioni di siccit\u00e0. In Italia, l'enfasi sar\u00e0 sull'agricoltura biologica e sulla conservazione della biodiversit\u00e0 all'interno di sistemi di produzione intensiva. In Turchia, il progetto esplorer\u00e0 colture alternative e modelli di coltivazione compatibili con la scarsit\u00e0 d'acqua e la conservazione delle zone umide.<\/p>\n<p>ReMedi ha un budget totale di 2,8 milioni di euro ed \u00e8 finanziato dal PRIMA Programme. Il consorzio \u00e8 composto da Eurecat, Sociedad de Ornitolog\u00eda (SEO\/BirdLife), Merckens Development Support, Heliopolis University, Organic Egypt Foundation, Polyculturae, Universit\u00e0 di Torino, Fondazione ACRA, Rete Semi Rurali e Do\u011fa Derne\u011fi.<\/p>\t\t\t\t\t\t\t\t<\/div>\n\t\t\t\t<div class=\"elementor-element elementor-element-1059684 elementor-widget elementor-widget-spacer\" data-id=\"1059684\" data-element_type=\"widget\" data-e-type=\"widget\" data-widget_type=\"spacer.default\">\n\t\t\t\t\t\t\t<div class=\"elementor-spacer\">\n\t\t\t<div class=\"elementor-spacer-inner\"><\/div>\n\t\t<\/div>\n\t\t\t\t\t\t<\/div>\n\t\t\t\t\t<\/div>\n\t\t<\/div>\n\t\t\t\t\t<\/div>\n\t\t<\/section>\n\t\t\t\t<\/div>","protected":false},"excerpt":{"rendered":"<p>The ReMedi project, coordinated by Eurecat technology centre, integrates rice cultivation and wetlands as a connected system for the first time, combining food production with nature conservation.<\/p>","protected":false},"author":1,"featured_media":7286,"comment_status":"open","ping_status":"open","sticky":false,"template":"","format":"standard","meta":{"footnotes":""},"categories":[40],"tags":[],"class_list":["post-169","post","type-post","status-publish","format-standard","has-post-thumbnail","hentry","category-press-releases"],"yoast_head":"<!-- This site is optimized with the Yoast SEO plugin v28.3 - https:\/\/yoast.com\/product\/yoast-seo-wordpress\/ -->\n<title>Mediterranean rice management models aim to enhance biodiversity and improve water and soil quality - remedi-prima<\/title>\n<meta name=\"description\" content=\"ReMedi develops innovative solutions to make Mediterranean rice systems more sustainable, resilient, and biodiversity-friendly\" \/>\n<meta name=\"robots\" content=\"index, follow, max-snippet:-1, max-image-preview:large, max-video-preview:-1\" \/>\n<link rel=\"canonical\" href=\"https:\/\/remedi-prima.eu\/it\/mediterranan-rice-management-models-aim-to-enhance-biodiversity-and-improve-water-and-soil-quality\/\" \/>\n<meta property=\"og:locale\" content=\"it_IT\" \/>\n<meta property=\"og:type\" content=\"article\" \/>\n<meta property=\"og:title\" content=\"Mediterranean rice management models aim to enhance biodiversity and improve water and soil quality - remedi-prima\" \/>\n<meta property=\"og:description\" content=\"ReMedi develops innovative solutions to make Mediterranean rice systems more sustainable, resilient, and biodiversity-friendly\" \/>\n<meta property=\"og:url\" content=\"https:\/\/remedi-prima.eu\/it\/mediterranan-rice-management-models-aim-to-enhance-biodiversity-and-improve-water-and-soil-quality\/\" \/>\n<meta property=\"og:site_name\" content=\"remedi-prima\" \/>\n<meta property=\"article:published_time\" content=\"2026-07-13T11:31:00+00:00\" \/>\n<meta property=\"article:modified_time\" content=\"2026-07-20T11:18:07+00:00\" \/>\n<meta property=\"og:image\" content=\"https:\/\/remedi-prima.eu\/wp-content\/uploads\/2019\/11\/13102010-IMG_9907-scaled.jpg\" \/>\n\t<meta property=\"og:image:width\" content=\"2560\" \/>\n\t<meta property=\"og:image:height\" content=\"1707\" \/>\n\t<meta property=\"og:image:type\" content=\"image\/jpeg\" \/>\n<meta name=\"author\" content=\"admremedi\" \/>\n<meta name=\"twitter:card\" content=\"summary_large_image\" \/>\n<meta name=\"twitter:label1\" content=\"Scritto da\" \/>\n\t<meta name=\"twitter:data1\" content=\"admremedi\" \/>\n\t<meta name=\"twitter:label2\" content=\"Tempo di lettura stimato\" \/>\n\t<meta name=\"twitter:data2\" content=\"2 minuti\" \/>\n<script type=\"application\/ld+json\" class=\"yoast-schema-graph\">{\"@context\":\"https:\\\/\\\/schema.org\",\"@graph\":[{\"@type\":\"Article\",\"@id\":\"https:\\\/\\\/remedi-prima.eu\\\/mediterranan-rice-management-models-aim-to-enhance-biodiversity-and-improve-water-and-soil-quality\\\/#article\",\"isPartOf\":{\"@id\":\"https:\\\/\\\/remedi-prima.eu\\\/mediterranan-rice-management-models-aim-to-enhance-biodiversity-and-improve-water-and-soil-quality\\\/\"},\"author\":{\"name\":\"admremedi\",\"@id\":\"https:\\\/\\\/remedi-prima.eu\\\/#\\\/schema\\\/person\\\/6f15034696010f407f344941d271b82d\"},\"headline\":\"Mediterranean rice management models aim to enhance biodiversity and improve water and soil quality\",\"datePublished\":\"2026-07-13T11:31:00+00:00\",\"dateModified\":\"2026-07-20T11:18:07+00:00\",\"mainEntityOfPage\":{\"@id\":\"https:\\\/\\\/remedi-prima.eu\\\/mediterranan-rice-management-models-aim-to-enhance-biodiversity-and-improve-water-and-soil-quality\\\/\"},\"wordCount\":407,\"commentCount\":0,\"publisher\":{\"@id\":\"https:\\\/\\\/remedi-prima.eu\\\/#organization\"},\"image\":{\"@id\":\"https:\\\/\\\/remedi-prima.eu\\\/mediterranan-rice-management-models-aim-to-enhance-biodiversity-and-improve-water-and-soil-quality\\\/#primaryimage\"},\"thumbnailUrl\":\"https:\\\/\\\/remedi-prima.eu\\\/wp-content\\\/uploads\\\/2019\\\/11\\\/13102010-IMG_9907-scaled.jpg\",\"articleSection\":[\"Press releases\"],\"inLanguage\":\"it-IT\",\"potentialAction\":[{\"@type\":\"CommentAction\",\"name\":\"Comment\",\"target\":[\"https:\\\/\\\/remedi-prima.eu\\\/mediterranan-rice-management-models-aim-to-enhance-biodiversity-and-improve-water-and-soil-quality\\\/#respond\"]}]},{\"@type\":\"WebPage\",\"@id\":\"https:\\\/\\\/remedi-prima.eu\\\/mediterranan-rice-management-models-aim-to-enhance-biodiversity-and-improve-water-and-soil-quality\\\/\",\"url\":\"https:\\\/\\\/remedi-prima.eu\\\/mediterranan-rice-management-models-aim-to-enhance-biodiversity-and-improve-water-and-soil-quality\\\/\",\"name\":\"Mediterranean rice management models aim to enhance biodiversity and improve water and soil quality - remedi-prima\",\"isPartOf\":{\"@id\":\"https:\\\/\\\/remedi-prima.eu\\\/#website\"},\"primaryImageOfPage\":{\"@id\":\"https:\\\/\\\/remedi-prima.eu\\\/mediterranan-rice-management-models-aim-to-enhance-biodiversity-and-improve-water-and-soil-quality\\\/#primaryimage\"},\"image\":{\"@id\":\"https:\\\/\\\/remedi-prima.eu\\\/mediterranan-rice-management-models-aim-to-enhance-biodiversity-and-improve-water-and-soil-quality\\\/#primaryimage\"},\"thumbnailUrl\":\"https:\\\/\\\/remedi-prima.eu\\\/wp-content\\\/uploads\\\/2019\\\/11\\\/13102010-IMG_9907-scaled.jpg\",\"datePublished\":\"2026-07-13T11:31:00+00:00\",\"dateModified\":\"2026-07-20T11:18:07+00:00\",\"description\":\"ReMedi develops innovative solutions to make Mediterranean rice systems more sustainable, resilient, and biodiversity-friendly\",\"breadcrumb\":{\"@id\":\"https:\\\/\\\/remedi-prima.eu\\\/mediterranan-rice-management-models-aim-to-enhance-biodiversity-and-improve-water-and-soil-quality\\\/#breadcrumb\"},\"inLanguage\":\"it-IT\",\"potentialAction\":[{\"@type\":\"ReadAction\",\"target\":[\"https:\\\/\\\/remedi-prima.eu\\\/mediterranan-rice-management-models-aim-to-enhance-biodiversity-and-improve-water-and-soil-quality\\\/\"]}]},{\"@type\":\"ImageObject\",\"inLanguage\":\"it-IT\",\"@id\":\"https:\\\/\\\/remedi-prima.eu\\\/mediterranan-rice-management-models-aim-to-enhance-biodiversity-and-improve-water-and-soil-quality\\\/#primaryimage\",\"url\":\"https:\\\/\\\/remedi-prima.eu\\\/wp-content\\\/uploads\\\/2019\\\/11\\\/13102010-IMG_9907-scaled.jpg\",\"contentUrl\":\"https:\\\/\\\/remedi-prima.eu\\\/wp-content\\\/uploads\\\/2019\\\/11\\\/13102010-IMG_9907-scaled.jpg\",\"width\":2560,\"height\":1707},{\"@type\":\"BreadcrumbList\",\"@id\":\"https:\\\/\\\/remedi-prima.eu\\\/mediterranan-rice-management-models-aim-to-enhance-biodiversity-and-improve-water-and-soil-quality\\\/#breadcrumb\",\"itemListElement\":[{\"@type\":\"ListItem\",\"position\":1,\"name\":\"Home\",\"item\":\"https:\\\/\\\/remedi-prima.eu\\\/\"},{\"@type\":\"ListItem\",\"position\":2,\"name\":\"Mediterranean rice management models aim to enhance biodiversity and improve water and soil quality\"}]},{\"@type\":\"WebSite\",\"@id\":\"https:\\\/\\\/remedi-prima.eu\\\/#website\",\"url\":\"https:\\\/\\\/remedi-prima.eu\\\/\",\"name\":\"remedi-prima\",\"description\":\"remedi-prima\",\"publisher\":{\"@id\":\"https:\\\/\\\/remedi-prima.eu\\\/#organization\"},\"potentialAction\":[{\"@type\":\"SearchAction\",\"target\":{\"@type\":\"EntryPoint\",\"urlTemplate\":\"https:\\\/\\\/remedi-prima.eu\\\/?s={search_term_string}\"},\"query-input\":{\"@type\":\"PropertyValueSpecification\",\"valueRequired\":true,\"valueName\":\"search_term_string\"}}],\"inLanguage\":\"it-IT\"},{\"@type\":\"Organization\",\"@id\":\"https:\\\/\\\/remedi-prima.eu\\\/#organization\",\"name\":\"remedi-prima\",\"url\":\"https:\\\/\\\/remedi-prima.eu\\\/\",\"logo\":{\"@type\":\"ImageObject\",\"inLanguage\":\"it-IT\",\"@id\":\"https:\\\/\\\/remedi-prima.eu\\\/#\\\/schema\\\/logo\\\/image\\\/\",\"url\":\"https:\\\/\\\/remedi-prima.eu\\\/wp-content\\\/uploads\\\/2026\\\/07\\\/REMEDI_COLOR-HORITZONTAL-1-scaled-e1784030286740.png\",\"contentUrl\":\"https:\\\/\\\/remedi-prima.eu\\\/wp-content\\\/uploads\\\/2026\\\/07\\\/REMEDI_COLOR-HORITZONTAL-1-scaled-e1784030286740.png\",\"width\":1800,\"height\":670,\"caption\":\"remedi-prima\"},\"image\":{\"@id\":\"https:\\\/\\\/remedi-prima.eu\\\/#\\\/schema\\\/logo\\\/image\\\/\"}},{\"@type\":\"Person\",\"@id\":\"https:\\\/\\\/remedi-prima.eu\\\/#\\\/schema\\\/person\\\/6f15034696010f407f344941d271b82d\",\"name\":\"admremedi\",\"image\":{\"@type\":\"ImageObject\",\"inLanguage\":\"it-IT\",\"@id\":\"https:\\\/\\\/secure.gravatar.com\\\/avatar\\\/f7f5343fefb573af23093b6caf336f6c19ed0300d229419ee5f1561d99838c31?s=96&d=mm&r=g\",\"url\":\"https:\\\/\\\/secure.gravatar.com\\\/avatar\\\/f7f5343fefb573af23093b6caf336f6c19ed0300d229419ee5f1561d99838c31?s=96&d=mm&r=g\",\"contentUrl\":\"https:\\\/\\\/secure.gravatar.com\\\/avatar\\\/f7f5343fefb573af23093b6caf336f6c19ed0300d229419ee5f1561d99838c31?s=96&d=mm&r=g\",\"caption\":\"admremedi\"},\"sameAs\":[\"https:\\\/\\\/remedi-prima.eu\"],\"url\":\"https:\\\/\\\/remedi-prima.eu\\\/it\\\/author\\\/admremedi\\\/\"}]}<\/script>\n<!-- \/ Yoast SEO plugin. -->","yoast_head_json":{"title":"Mediterranean rice management models aim to enhance biodiversity and improve water and soil quality - remedi-prima","description":"ReMedi develops innovative solutions to make Mediterranean rice systems more sustainable, resilient, and biodiversity-friendly","robots":{"index":"index","follow":"follow","max-snippet":"max-snippet:-1","max-image-preview":"max-image-preview:large","max-video-preview":"max-video-preview:-1"},"canonical":"https:\/\/remedi-prima.eu\/it\/mediterranan-rice-management-models-aim-to-enhance-biodiversity-and-improve-water-and-soil-quality\/","og_locale":"it_IT","og_type":"article","og_title":"Mediterranean rice management models aim to enhance biodiversity and improve water and soil quality - remedi-prima","og_description":"ReMedi develops innovative solutions to make Mediterranean rice systems more sustainable, resilient, and biodiversity-friendly","og_url":"https:\/\/remedi-prima.eu\/it\/mediterranan-rice-management-models-aim-to-enhance-biodiversity-and-improve-water-and-soil-quality\/","og_site_name":"remedi-prima","article_published_time":"2026-07-13T11:31:00+00:00","article_modified_time":"2026-07-20T11:18:07+00:00","og_image":[{"width":2560,"height":1707,"url":"https:\/\/remedi-prima.eu\/wp-content\/uploads\/2019\/11\/13102010-IMG_9907-scaled.jpg","type":"image\/jpeg"}],"author":"admremedi","twitter_card":"summary_large_image","twitter_misc":{"Scritto da":"admremedi","Tempo di lettura stimato":"2 minuti"},"schema":{"@context":"https:\/\/schema.org","@graph":[{"@type":"Article","@id":"https:\/\/remedi-prima.eu\/mediterranan-rice-management-models-aim-to-enhance-biodiversity-and-improve-water-and-soil-quality\/#article","isPartOf":{"@id":"https:\/\/remedi-prima.eu\/mediterranan-rice-management-models-aim-to-enhance-biodiversity-and-improve-water-and-soil-quality\/"},"author":{"name":"admremedi","@id":"https:\/\/remedi-prima.eu\/#\/schema\/person\/6f15034696010f407f344941d271b82d"},"headline":"Mediterranean rice management models aim to enhance biodiversity and improve water and soil quality","datePublished":"2026-07-13T11:31:00+00:00","dateModified":"2026-07-20T11:18:07+00:00","mainEntityOfPage":{"@id":"https:\/\/remedi-prima.eu\/mediterranan-rice-management-models-aim-to-enhance-biodiversity-and-improve-water-and-soil-quality\/"},"wordCount":407,"commentCount":0,"publisher":{"@id":"https:\/\/remedi-prima.eu\/#organization"},"image":{"@id":"https:\/\/remedi-prima.eu\/mediterranan-rice-management-models-aim-to-enhance-biodiversity-and-improve-water-and-soil-quality\/#primaryimage"},"thumbnailUrl":"https:\/\/remedi-prima.eu\/wp-content\/uploads\/2019\/11\/13102010-IMG_9907-scaled.jpg","articleSection":["Press releases"],"inLanguage":"it-IT","potentialAction":[{"@type":"CommentAction","name":"Comment","target":["https:\/\/remedi-prima.eu\/mediterranan-rice-management-models-aim-to-enhance-biodiversity-and-improve-water-and-soil-quality\/#respond"]}]},{"@type":"WebPage","@id":"https:\/\/remedi-prima.eu\/mediterranan-rice-management-models-aim-to-enhance-biodiversity-and-improve-water-and-soil-quality\/","url":"https:\/\/remedi-prima.eu\/mediterranan-rice-management-models-aim-to-enhance-biodiversity-and-improve-water-and-soil-quality\/","name":"Mediterranean rice management models aim to enhance biodiversity and improve water and soil quality - remedi-prima","isPartOf":{"@id":"https:\/\/remedi-prima.eu\/#website"},"primaryImageOfPage":{"@id":"https:\/\/remedi-prima.eu\/mediterranan-rice-management-models-aim-to-enhance-biodiversity-and-improve-water-and-soil-quality\/#primaryimage"},"image":{"@id":"https:\/\/remedi-prima.eu\/mediterranan-rice-management-models-aim-to-enhance-biodiversity-and-improve-water-and-soil-quality\/#primaryimage"},"thumbnailUrl":"https:\/\/remedi-prima.eu\/wp-content\/uploads\/2019\/11\/13102010-IMG_9907-scaled.jpg","datePublished":"2026-07-13T11:31:00+00:00","dateModified":"2026-07-20T11:18:07+00:00","description":"ReMedi develops innovative solutions to make Mediterranean rice systems more sustainable, resilient, and biodiversity-friendly","breadcrumb":{"@id":"https:\/\/remedi-prima.eu\/mediterranan-rice-management-models-aim-to-enhance-biodiversity-and-improve-water-and-soil-quality\/#breadcrumb"},"inLanguage":"it-IT","potentialAction":[{"@type":"ReadAction","target":["https:\/\/remedi-prima.eu\/mediterranan-rice-management-models-aim-to-enhance-biodiversity-and-improve-water-and-soil-quality\/"]}]},{"@type":"ImageObject","inLanguage":"it-IT","@id":"https:\/\/remedi-prima.eu\/mediterranan-rice-management-models-aim-to-enhance-biodiversity-and-improve-water-and-soil-quality\/#primaryimage","url":"https:\/\/remedi-prima.eu\/wp-content\/uploads\/2019\/11\/13102010-IMG_9907-scaled.jpg","contentUrl":"https:\/\/remedi-prima.eu\/wp-content\/uploads\/2019\/11\/13102010-IMG_9907-scaled.jpg","width":2560,"height":1707},{"@type":"BreadcrumbList","@id":"https:\/\/remedi-prima.eu\/mediterranan-rice-management-models-aim-to-enhance-biodiversity-and-improve-water-and-soil-quality\/#breadcrumb","itemListElement":[{"@type":"ListItem","position":1,"name":"Home","item":"https:\/\/remedi-prima.eu\/"},{"@type":"ListItem","position":2,"name":"Mediterranean rice management models aim to enhance biodiversity and improve water and soil quality"}]},{"@type":"WebSite","@id":"https:\/\/remedi-prima.eu\/#website","url":"https:\/\/remedi-prima.eu\/","name":"remedi-prima","description":"remedi-prima","publisher":{"@id":"https:\/\/remedi-prima.eu\/#organization"},"potentialAction":[{"@type":"SearchAction","target":{"@type":"EntryPoint","urlTemplate":"https:\/\/remedi-prima.eu\/?s={search_term_string}"},"query-input":{"@type":"PropertyValueSpecification","valueRequired":true,"valueName":"search_term_string"}}],"inLanguage":"it-IT"},{"@type":"Organization","@id":"https:\/\/remedi-prima.eu\/#organization","name":"remedi-prima","url":"https:\/\/remedi-prima.eu\/","logo":{"@type":"ImageObject","inLanguage":"it-IT","@id":"https:\/\/remedi-prima.eu\/#\/schema\/logo\/image\/","url":"https:\/\/remedi-prima.eu\/wp-content\/uploads\/2026\/07\/REMEDI_COLOR-HORITZONTAL-1-scaled-e1784030286740.png","contentUrl":"https:\/\/remedi-prima.eu\/wp-content\/uploads\/2026\/07\/REMEDI_COLOR-HORITZONTAL-1-scaled-e1784030286740.png","width":1800,"height":670,"caption":"remedi-prima"},"image":{"@id":"https:\/\/remedi-prima.eu\/#\/schema\/logo\/image\/"}},{"@type":"Person","@id":"https:\/\/remedi-prima.eu\/#\/schema\/person\/6f15034696010f407f344941d271b82d","name":"admremedi","image":{"@type":"ImageObject","inLanguage":"it-IT","@id":"https:\/\/secure.gravatar.com\/avatar\/f7f5343fefb573af23093b6caf336f6c19ed0300d229419ee5f1561d99838c31?s=96&d=mm&r=g","url":"https:\/\/secure.gravatar.com\/avatar\/f7f5343fefb573af23093b6caf336f6c19ed0300d229419ee5f1561d99838c31?s=96&d=mm&r=g","contentUrl":"https:\/\/secure.gravatar.com\/avatar\/f7f5343fefb573af23093b6caf336f6c19ed0300d229419ee5f1561d99838c31?s=96&d=mm&r=g","caption":"admremedi"},"sameAs":["https:\/\/remedi-prima.eu"],"url":"https:\/\/remedi-prima.eu\/it\/author\/admremedi\/"}]}},"_links":{"self":[{"href":"https:\/\/remedi-prima.eu\/it\/wp-json\/wp\/v2\/posts\/169","targetHints":{"allow":["GET"]}}],"collection":[{"href":"https:\/\/remedi-prima.eu\/it\/wp-json\/wp\/v2\/posts"}],"about":[{"href":"https:\/\/remedi-prima.eu\/it\/wp-json\/wp\/v2\/types\/post"}],"author":[{"embeddable":true,"href":"https:\/\/remedi-prima.eu\/it\/wp-json\/wp\/v2\/users\/1"}],"replies":[{"embeddable":true,"href":"https:\/\/remedi-prima.eu\/it\/wp-json\/wp\/v2\/comments?post=169"}],"version-history":[{"count":1,"href":"https:\/\/remedi-prima.eu\/it\/wp-json\/wp\/v2\/posts\/169\/revisions"}],"predecessor-version":[{"id":7830,"href":"https:\/\/remedi-prima.eu\/it\/wp-json\/wp\/v2\/posts\/169\/revisions\/7830"}],"wp:featuredmedia":[{"embeddable":true,"href":"https:\/\/remedi-prima.eu\/it\/wp-json\/wp\/v2\/media\/7286"}],"wp:attachment":[{"href":"https:\/\/remedi-prima.eu\/it\/wp-json\/wp\/v2\/media?parent=169"}],"wp:term":[{"taxonomy":"category","embeddable":true,"href":"https:\/\/remedi-prima.eu\/it\/wp-json\/wp\/v2\/categories?post=169"},{"taxonomy":"post_tag","embeddable":true,"href":"https:\/\/remedi-prima.eu\/it\/wp-json\/wp\/v2\/tags?post=169"}],"curies":[{"name":"wp","href":"https:\/\/api.w.org\/{rel}","templated":true}]}}