{"id":7287,"date":"2026-05-01T09:27:17","date_gmt":"2026-05-01T07:27:17","guid":{"rendered":"https:\/\/remedi-prima.eu\/?p=7287"},"modified":"2026-07-22T10:30:12","modified_gmt":"2026-07-22T08:30:12","slug":"remedi-project-officially-launches-to-build-more-resilient-mediterranean-rice-growing-landscapes","status":"publish","type":"post","link":"https:\/\/remedi-prima.eu\/es\/remedi-project-officially-launches-to-build-more-resilient-mediterranean-rice-growing-landscapes\/","title":{"rendered":"El proyecto ReMedi se lanza oficialmente para construir paisajes de cultivo de arroz mediterr\u00e1neos m\u00e1s resilientes"},"content":{"rendered":"<div data-elementor-type=\"wp-post\" data-elementor-id=\"7287\" class=\"elementor elementor-7287\" data-elementor-post-type=\"post\">\n\t\t\t\t\t\t<section class=\"elementor-section elementor-top-section elementor-element elementor-element-a72fa34 elementor-reverse-mobile elementor-section-boxed elementor-section-height-default elementor-section-height-default\" data-id=\"a72fa34\" data-element_type=\"section\" data-e-type=\"section\">\n\t\t\t\t\t\t<div class=\"elementor-container elementor-column-gap-wider\">\n\t\t\t\t\t<div class=\"elementor-column elementor-col-100 elementor-top-column elementor-element elementor-element-ee870b8\" data-id=\"ee870b8\" data-element_type=\"column\" data-e-type=\"column\">\n\t\t\t<div class=\"elementor-widget-wrap elementor-element-populated\">\n\t\t\t\t\t\t<div class=\"elementor-element elementor-element-23da6b0 elementor-widget elementor-widget-text-editor\" data-id=\"23da6b0\" data-element_type=\"widget\" data-e-type=\"widget\" data-widget_type=\"text-editor.default\">\n\t\t\t\t\t\t\t\t\t<p><style>\na {\n    text-decoration: none;\n    color: #464feb;\n}\ntr th, tr td {\n    border: 1px solid #e6e6e6;\n}\ntr th {\n    background-color: #f5f5f5;\n}\n<\/style><\/p><div><p>La <strong>Proyecto ReMedi<\/strong> ha comenzado oficialmente con la ambici\u00f3n de transformar la forma en que se gestionan los paisajes arroceros mediterr\u00e1neos. Financiado bajo la <strong>Asociaci\u00f3n PRIMA<\/strong>, El proyecto trabajar\u00e1 durante los pr\u00f3ximos tres a\u00f1os para fortalecer la resiliencia de los sistemas de producci\u00f3n de arroz, integrando la agricultura, la conservaci\u00f3n de la biodiversidad, la gesti\u00f3n del agua y la acci\u00f3n clim\u00e1tica.<\/p><p>Las regiones mediterr\u00e1neas de cultivo de arroz enfrentan desaf\u00edos cada vez mayores relacionados con el cambio clim\u00e1tico, la escasez de agua, la p\u00e9rdida de biodiversidad y la degradaci\u00f3n de los ecosistemas de humedales. Si bien los arrozales y los humedales est\u00e1n estrechamente conectados a trav\u00e9s del agua, los procesos ecol\u00f3gicos y los h\u00e1bitats de la vida silvestre, tradicionalmente se han gestionado como sistemas separados. ReMedi tiene como objetivo cerrar esta brecha promoviendo un enfoque integrado que beneficie tanto a la producci\u00f3n agr\u00edcola como a la conservaci\u00f3n de la naturaleza.<\/p><p>El proyecto desarrollar\u00e1 y probar\u00e1 soluciones innovadoras en Espa\u00f1a, Italia, Egipto y Turqu\u00eda, combinando pr\u00e1cticas de agricultura org\u00e1nica y biodin\u00e1mica, estrategias mejoradas de gesti\u00f3n del agua y medidas para mejorar la biodiversidad. Al tratar los arrozales y los humedales circundantes como un \u00fanico sistema socio-ecol\u00f3gico interconectado, ReMedi busca demostrar c\u00f3mo la producci\u00f3n de alimentos puede ir de la mano con ecosistemas m\u00e1s saludables y una mayor resiliencia al cambio clim\u00e1tico.<\/p><p>Un elemento central del proyecto es la colaboraci\u00f3n. Agricultores, investigadores, ONG, responsables pol\u00edticos y otras partes interesadas trabajar\u00e1n juntos a trav\u00e9s de procesos participativos y laboratorios vivos para codise\u00f1ar y validar soluciones adaptadas a las necesidades locales y las condiciones ambientales. Este enfoque colaborativo ayudar\u00e1 a garantizar que los resultados del proyecto sean pr\u00e1cticos, escalables y aplicables en diferentes contextos mediterr\u00e1neos.<\/p><p>Coordinado por <strong>Eurecat<\/strong>, ReMedi re\u00fane un consorcio multidisciplinar de diez socios de cinco pa\u00edses: <strong>SEO\/BirdLife, Merckens Development Support GmbH, Universidad Heli\u00f3polis, Fundaci\u00f3n Organic Egypt, Polyculturae, Universit\u00e0 degli Studi di Torino, ACRA ETS, Rete Semi Rurale ETS, y Do\u011fa Derne\u011fi<\/strong>. Juntos, los socios aportan experiencia en agroecolog\u00eda, conservaci\u00f3n de humedales, monitoreo de la biodiversidad, agricultura sostenible y participaci\u00f3n de las partes interesadas.<\/p><p>Al final del proyecto, ReMedi tiene como objetivo ofrecer modelos de gesti\u00f3n innovadores y recomendaciones pr\u00e1cticas que apoyen una producci\u00f3n de arroz m\u00e1s sostenible, humedales m\u00e1s saludables y una mayor resiliencia clim\u00e1tica en toda la regi\u00f3n mediterr\u00e1nea.<\/p><\/div>\t\t\t\t\t\t\t\t<\/div>\n\t\t\t\t<div class=\"elementor-element elementor-element-65d7d49 elementor-widget elementor-widget-spacer\" data-id=\"65d7d49\" data-element_type=\"widget\" data-e-type=\"widget\" data-widget_type=\"spacer.default\">\n\t\t\t\t\t\t\t<div class=\"elementor-spacer\">\n\t\t\t<div class=\"elementor-spacer-inner\"><\/div>\n\t\t<\/div>\n\t\t\t\t\t\t<\/div>\n\t\t\t\t\t<\/div>\n\t\t<\/div>\n\t\t\t\t\t<\/div>\n\t\t<\/section>\n\t\t\t\t<\/div>","protected":false},"excerpt":{"rendered":"<p>Una nueva iniciativa europea coordinada por Eurecat volver\u00e1 a conectar la agricultura y los humedales para promover la biodiversidad, la producci\u00f3n sostenible de alimentos y la resiliencia clim\u00e1tica en todo el Mediterr\u00e1neo.<\/p>","protected":false},"author":2,"featured_media":6777,"comment_status":"open","ping_status":"open","sticky":false,"template":"","format":"standard","meta":{"footnotes":""},"categories":[41],"tags":[],"class_list":["post-7287","post","type-post","status-publish","format-standard","has-post-thumbnail","hentry","category-project-meetings"],"yoast_head":"<!-- This site is optimized with the Yoast SEO plugin v28.3 - https:\/\/yoast.com\/product\/yoast-seo-wordpress\/ -->\n<title>ReMedi project officially launches to build more resilient Mediterranean rice-growing landscapes - remedi-prima<\/title>\n<meta name=\"description\" content=\"The ReMedi project develops solutions to strengthen biodiversity, climate resilience, and sustainable rice farming in the Mediterranean.\" \/>\n<meta name=\"robots\" content=\"index, follow, max-snippet:-1, max-image-preview:large, max-video-preview:-1\" \/>\n<link rel=\"canonical\" href=\"https:\/\/remedi-prima.eu\/es\/remedi-project-officially-launches-to-build-more-resilient-mediterranean-rice-growing-landscapes\/\" \/>\n<meta property=\"og:locale\" content=\"es_ES\" \/>\n<meta property=\"og:type\" content=\"article\" \/>\n<meta property=\"og:title\" content=\"ReMedi project officially launches to build more resilient Mediterranean rice-growing landscapes - remedi-prima\" \/>\n<meta property=\"og:description\" content=\"The ReMedi project develops solutions to strengthen biodiversity, climate resilience, and sustainable rice farming in the Mediterranean.\" \/>\n<meta property=\"og:url\" content=\"https:\/\/remedi-prima.eu\/es\/remedi-project-officially-launches-to-build-more-resilient-mediterranean-rice-growing-landscapes\/\" \/>\n<meta property=\"og:site_name\" content=\"remedi-prima\" \/>\n<meta property=\"article:published_time\" content=\"2026-05-01T07:27:17+00:00\" \/>\n<meta property=\"article:modified_time\" content=\"2026-07-22T08:30:12+00:00\" \/>\n<meta property=\"og:image\" content=\"https:\/\/remedi-prima.eu\/wp-content\/uploads\/2026\/07\/IMG_4403-scaled.jpg\" \/>\n\t<meta property=\"og:image:width\" content=\"2560\" \/>\n\t<meta property=\"og:image:height\" content=\"1920\" \/>\n\t<meta property=\"og:image:type\" content=\"image\/jpeg\" \/>\n<meta name=\"author\" content=\"alba.moliner\" \/>\n<meta name=\"twitter:card\" content=\"summary_large_image\" \/>\n<meta name=\"twitter:label1\" content=\"Escrito por\" \/>\n\t<meta name=\"twitter:data1\" content=\"alba.moliner\" \/>\n\t<meta name=\"twitter:label2\" content=\"Tiempo de lectura\" \/>\n\t<meta name=\"twitter:data2\" content=\"2 minutos\" \/>\n<script type=\"application\/ld+json\" class=\"yoast-schema-graph\">{\"@context\":\"https:\\\/\\\/schema.org\",\"@graph\":[{\"@type\":\"Article\",\"@id\":\"https:\\\/\\\/remedi-prima.eu\\\/remedi-project-officially-launches-to-build-more-resilient-mediterranean-rice-growing-landscapes\\\/#article\",\"isPartOf\":{\"@id\":\"https:\\\/\\\/remedi-prima.eu\\\/remedi-project-officially-launches-to-build-more-resilient-mediterranean-rice-growing-landscapes\\\/\"},\"author\":{\"name\":\"alba.moliner\",\"@id\":\"https:\\\/\\\/remedi-prima.eu\\\/#\\\/schema\\\/person\\\/1f89f528f187db468eea4025215eedde\"},\"headline\":\"ReMedi project officially launches to build more resilient Mediterranean rice-growing landscapes\",\"datePublished\":\"2026-05-01T07:27:17+00:00\",\"dateModified\":\"2026-07-22T08:30:12+00:00\",\"mainEntityOfPage\":{\"@id\":\"https:\\\/\\\/remedi-prima.eu\\\/remedi-project-officially-launches-to-build-more-resilient-mediterranean-rice-growing-landscapes\\\/\"},\"wordCount\":336,\"commentCount\":0,\"publisher\":{\"@id\":\"https:\\\/\\\/remedi-prima.eu\\\/#organization\"},\"image\":{\"@id\":\"https:\\\/\\\/remedi-prima.eu\\\/remedi-project-officially-launches-to-build-more-resilient-mediterranean-rice-growing-landscapes\\\/#primaryimage\"},\"thumbnailUrl\":\"https:\\\/\\\/remedi-prima.eu\\\/wp-content\\\/uploads\\\/2026\\\/07\\\/IMG_4403-scaled.jpg\",\"articleSection\":[\"Project Meetings\"],\"inLanguage\":\"es\",\"potentialAction\":[{\"@type\":\"CommentAction\",\"name\":\"Comment\",\"target\":[\"https:\\\/\\\/remedi-prima.eu\\\/remedi-project-officially-launches-to-build-more-resilient-mediterranean-rice-growing-landscapes\\\/#respond\"]}]},{\"@type\":\"WebPage\",\"@id\":\"https:\\\/\\\/remedi-prima.eu\\\/remedi-project-officially-launches-to-build-more-resilient-mediterranean-rice-growing-landscapes\\\/\",\"url\":\"https:\\\/\\\/remedi-prima.eu\\\/remedi-project-officially-launches-to-build-more-resilient-mediterranean-rice-growing-landscapes\\\/\",\"name\":\"ReMedi project officially launches to build more resilient Mediterranean rice-growing landscapes - remedi-prima\",\"isPartOf\":{\"@id\":\"https:\\\/\\\/remedi-prima.eu\\\/#website\"},\"primaryImageOfPage\":{\"@id\":\"https:\\\/\\\/remedi-prima.eu\\\/remedi-project-officially-launches-to-build-more-resilient-mediterranean-rice-growing-landscapes\\\/#primaryimage\"},\"image\":{\"@id\":\"https:\\\/\\\/remedi-prima.eu\\\/remedi-project-officially-launches-to-build-more-resilient-mediterranean-rice-growing-landscapes\\\/#primaryimage\"},\"thumbnailUrl\":\"https:\\\/\\\/remedi-prima.eu\\\/wp-content\\\/uploads\\\/2026\\\/07\\\/IMG_4403-scaled.jpg\",\"datePublished\":\"2026-05-01T07:27:17+00:00\",\"dateModified\":\"2026-07-22T08:30:12+00:00\",\"description\":\"The ReMedi project develops solutions to strengthen biodiversity, climate resilience, and sustainable rice farming in the Mediterranean.\",\"breadcrumb\":{\"@id\":\"https:\\\/\\\/remedi-prima.eu\\\/remedi-project-officially-launches-to-build-more-resilient-mediterranean-rice-growing-landscapes\\\/#breadcrumb\"},\"inLanguage\":\"es\",\"potentialAction\":[{\"@type\":\"ReadAction\",\"target\":[\"https:\\\/\\\/remedi-prima.eu\\\/remedi-project-officially-launches-to-build-more-resilient-mediterranean-rice-growing-landscapes\\\/\"]}]},{\"@type\":\"ImageObject\",\"inLanguage\":\"es\",\"@id\":\"https:\\\/\\\/remedi-prima.eu\\\/remedi-project-officially-launches-to-build-more-resilient-mediterranean-rice-growing-landscapes\\\/#primaryimage\",\"url\":\"https:\\\/\\\/remedi-prima.eu\\\/wp-content\\\/uploads\\\/2026\\\/07\\\/IMG_4403-scaled.jpg\",\"contentUrl\":\"https:\\\/\\\/remedi-prima.eu\\\/wp-content\\\/uploads\\\/2026\\\/07\\\/IMG_4403-scaled.jpg\",\"width\":2560,\"height\":1920},{\"@type\":\"BreadcrumbList\",\"@id\":\"https:\\\/\\\/remedi-prima.eu\\\/remedi-project-officially-launches-to-build-more-resilient-mediterranean-rice-growing-landscapes\\\/#breadcrumb\",\"itemListElement\":[{\"@type\":\"ListItem\",\"position\":1,\"name\":\"Home\",\"item\":\"https:\\\/\\\/remedi-prima.eu\\\/\"},{\"@type\":\"ListItem\",\"position\":2,\"name\":\"ReMedi project officially launches to build more resilient Mediterranean rice-growing landscapes\"}]},{\"@type\":\"WebSite\",\"@id\":\"https:\\\/\\\/remedi-prima.eu\\\/#website\",\"url\":\"https:\\\/\\\/remedi-prima.eu\\\/\",\"name\":\"remedi-prima\",\"description\":\"remedi-prima\",\"publisher\":{\"@id\":\"https:\\\/\\\/remedi-prima.eu\\\/#organization\"},\"potentialAction\":[{\"@type\":\"SearchAction\",\"target\":{\"@type\":\"EntryPoint\",\"urlTemplate\":\"https:\\\/\\\/remedi-prima.eu\\\/?s={search_term_string}\"},\"query-input\":{\"@type\":\"PropertyValueSpecification\",\"valueRequired\":true,\"valueName\":\"search_term_string\"}}],\"inLanguage\":\"es\"},{\"@type\":\"Organization\",\"@id\":\"https:\\\/\\\/remedi-prima.eu\\\/#organization\",\"name\":\"remedi-prima\",\"url\":\"https:\\\/\\\/remedi-prima.eu\\\/\",\"logo\":{\"@type\":\"ImageObject\",\"inLanguage\":\"es\",\"@id\":\"https:\\\/\\\/remedi-prima.eu\\\/#\\\/schema\\\/logo\\\/image\\\/\",\"url\":\"https:\\\/\\\/remedi-prima.eu\\\/wp-content\\\/uploads\\\/2026\\\/07\\\/REMEDI_COLOR-HORITZONTAL-1-scaled-e1784030286740.png\",\"contentUrl\":\"https:\\\/\\\/remedi-prima.eu\\\/wp-content\\\/uploads\\\/2026\\\/07\\\/REMEDI_COLOR-HORITZONTAL-1-scaled-e1784030286740.png\",\"width\":1800,\"height\":670,\"caption\":\"remedi-prima\"},\"image\":{\"@id\":\"https:\\\/\\\/remedi-prima.eu\\\/#\\\/schema\\\/logo\\\/image\\\/\"}},{\"@type\":\"Person\",\"@id\":\"https:\\\/\\\/remedi-prima.eu\\\/#\\\/schema\\\/person\\\/1f89f528f187db468eea4025215eedde\",\"name\":\"alba.moliner\",\"image\":{\"@type\":\"ImageObject\",\"inLanguage\":\"es\",\"@id\":\"https:\\\/\\\/secure.gravatar.com\\\/avatar\\\/693af98dd638563647fd8f4a298fd4192716c9627a2eeb4d02312b8328c2c1d2?s=96&d=mm&r=g\",\"url\":\"https:\\\/\\\/secure.gravatar.com\\\/avatar\\\/693af98dd638563647fd8f4a298fd4192716c9627a2eeb4d02312b8328c2c1d2?s=96&d=mm&r=g\",\"contentUrl\":\"https:\\\/\\\/secure.gravatar.com\\\/avatar\\\/693af98dd638563647fd8f4a298fd4192716c9627a2eeb4d02312b8328c2c1d2?s=96&d=mm&r=g\",\"caption\":\"alba.moliner\"},\"url\":\"https:\\\/\\\/remedi-prima.eu\\\/es\\\/author\\\/alba-moliner\\\/\"}]}<\/script>\n<!-- \/ Yoast SEO plugin. -->","yoast_head_json":{"title":"ReMedi project officially launches to build more resilient Mediterranean rice-growing landscapes - remedi-prima","description":"The ReMedi project develops solutions to strengthen biodiversity, climate resilience, and sustainable rice farming in the Mediterranean.","robots":{"index":"index","follow":"follow","max-snippet":"max-snippet:-1","max-image-preview":"max-image-preview:large","max-video-preview":"max-video-preview:-1"},"canonical":"https:\/\/remedi-prima.eu\/es\/remedi-project-officially-launches-to-build-more-resilient-mediterranean-rice-growing-landscapes\/","og_locale":"es_ES","og_type":"article","og_title":"ReMedi project officially launches to build more resilient Mediterranean rice-growing landscapes - remedi-prima","og_description":"The ReMedi project develops solutions to strengthen biodiversity, climate resilience, and sustainable rice farming in the Mediterranean.","og_url":"https:\/\/remedi-prima.eu\/es\/remedi-project-officially-launches-to-build-more-resilient-mediterranean-rice-growing-landscapes\/","og_site_name":"remedi-prima","article_published_time":"2026-05-01T07:27:17+00:00","article_modified_time":"2026-07-22T08:30:12+00:00","og_image":[{"width":2560,"height":1920,"url":"https:\/\/remedi-prima.eu\/wp-content\/uploads\/2026\/07\/IMG_4403-scaled.jpg","type":"image\/jpeg"}],"author":"alba.moliner","twitter_card":"summary_large_image","twitter_misc":{"Escrito por":"alba.moliner","Tiempo de lectura":"2 minutos"},"schema":{"@context":"https:\/\/schema.org","@graph":[{"@type":"Article","@id":"https:\/\/remedi-prima.eu\/remedi-project-officially-launches-to-build-more-resilient-mediterranean-rice-growing-landscapes\/#article","isPartOf":{"@id":"https:\/\/remedi-prima.eu\/remedi-project-officially-launches-to-build-more-resilient-mediterranean-rice-growing-landscapes\/"},"author":{"name":"alba.moliner","@id":"https:\/\/remedi-prima.eu\/#\/schema\/person\/1f89f528f187db468eea4025215eedde"},"headline":"ReMedi project officially launches to build more resilient Mediterranean rice-growing landscapes","datePublished":"2026-05-01T07:27:17+00:00","dateModified":"2026-07-22T08:30:12+00:00","mainEntityOfPage":{"@id":"https:\/\/remedi-prima.eu\/remedi-project-officially-launches-to-build-more-resilient-mediterranean-rice-growing-landscapes\/"},"wordCount":336,"commentCount":0,"publisher":{"@id":"https:\/\/remedi-prima.eu\/#organization"},"image":{"@id":"https:\/\/remedi-prima.eu\/remedi-project-officially-launches-to-build-more-resilient-mediterranean-rice-growing-landscapes\/#primaryimage"},"thumbnailUrl":"https:\/\/remedi-prima.eu\/wp-content\/uploads\/2026\/07\/IMG_4403-scaled.jpg","articleSection":["Project Meetings"],"inLanguage":"es","potentialAction":[{"@type":"CommentAction","name":"Comment","target":["https:\/\/remedi-prima.eu\/remedi-project-officially-launches-to-build-more-resilient-mediterranean-rice-growing-landscapes\/#respond"]}]},{"@type":"WebPage","@id":"https:\/\/remedi-prima.eu\/remedi-project-officially-launches-to-build-more-resilient-mediterranean-rice-growing-landscapes\/","url":"https:\/\/remedi-prima.eu\/remedi-project-officially-launches-to-build-more-resilient-mediterranean-rice-growing-landscapes\/","name":"ReMedi project officially launches to build more resilient Mediterranean rice-growing landscapes - remedi-prima","isPartOf":{"@id":"https:\/\/remedi-prima.eu\/#website"},"primaryImageOfPage":{"@id":"https:\/\/remedi-prima.eu\/remedi-project-officially-launches-to-build-more-resilient-mediterranean-rice-growing-landscapes\/#primaryimage"},"image":{"@id":"https:\/\/remedi-prima.eu\/remedi-project-officially-launches-to-build-more-resilient-mediterranean-rice-growing-landscapes\/#primaryimage"},"thumbnailUrl":"https:\/\/remedi-prima.eu\/wp-content\/uploads\/2026\/07\/IMG_4403-scaled.jpg","datePublished":"2026-05-01T07:27:17+00:00","dateModified":"2026-07-22T08:30:12+00:00","description":"The ReMedi project develops solutions to strengthen biodiversity, climate resilience, and sustainable rice farming in the Mediterranean.","breadcrumb":{"@id":"https:\/\/remedi-prima.eu\/remedi-project-officially-launches-to-build-more-resilient-mediterranean-rice-growing-landscapes\/#breadcrumb"},"inLanguage":"es","potentialAction":[{"@type":"ReadAction","target":["https:\/\/remedi-prima.eu\/remedi-project-officially-launches-to-build-more-resilient-mediterranean-rice-growing-landscapes\/"]}]},{"@type":"ImageObject","inLanguage":"es","@id":"https:\/\/remedi-prima.eu\/remedi-project-officially-launches-to-build-more-resilient-mediterranean-rice-growing-landscapes\/#primaryimage","url":"https:\/\/remedi-prima.eu\/wp-content\/uploads\/2026\/07\/IMG_4403-scaled.jpg","contentUrl":"https:\/\/remedi-prima.eu\/wp-content\/uploads\/2026\/07\/IMG_4403-scaled.jpg","width":2560,"height":1920},{"@type":"BreadcrumbList","@id":"https:\/\/remedi-prima.eu\/remedi-project-officially-launches-to-build-more-resilient-mediterranean-rice-growing-landscapes\/#breadcrumb","itemListElement":[{"@type":"ListItem","position":1,"name":"Home","item":"https:\/\/remedi-prima.eu\/"},{"@type":"ListItem","position":2,"name":"ReMedi project officially launches to build more resilient Mediterranean rice-growing landscapes"}]},{"@type":"WebSite","@id":"https:\/\/remedi-prima.eu\/#website","url":"https:\/\/remedi-prima.eu\/","name":"remedi-prima","description":"remedi-prima","publisher":{"@id":"https:\/\/remedi-prima.eu\/#organization"},"potentialAction":[{"@type":"SearchAction","target":{"@type":"EntryPoint","urlTemplate":"https:\/\/remedi-prima.eu\/?s={search_term_string}"},"query-input":{"@type":"PropertyValueSpecification","valueRequired":true,"valueName":"search_term_string"}}],"inLanguage":"es"},{"@type":"Organization","@id":"https:\/\/remedi-prima.eu\/#organization","name":"remedi-prima","url":"https:\/\/remedi-prima.eu\/","logo":{"@type":"ImageObject","inLanguage":"es","@id":"https:\/\/remedi-prima.eu\/#\/schema\/logo\/image\/","url":"https:\/\/remedi-prima.eu\/wp-content\/uploads\/2026\/07\/REMEDI_COLOR-HORITZONTAL-1-scaled-e1784030286740.png","contentUrl":"https:\/\/remedi-prima.eu\/wp-content\/uploads\/2026\/07\/REMEDI_COLOR-HORITZONTAL-1-scaled-e1784030286740.png","width":1800,"height":670,"caption":"remedi-prima"},"image":{"@id":"https:\/\/remedi-prima.eu\/#\/schema\/logo\/image\/"}},{"@type":"Person","@id":"https:\/\/remedi-prima.eu\/#\/schema\/person\/1f89f528f187db468eea4025215eedde","name":"alba.moliner","image":{"@type":"ImageObject","inLanguage":"es","@id":"https:\/\/secure.gravatar.com\/avatar\/693af98dd638563647fd8f4a298fd4192716c9627a2eeb4d02312b8328c2c1d2?s=96&d=mm&r=g","url":"https:\/\/secure.gravatar.com\/avatar\/693af98dd638563647fd8f4a298fd4192716c9627a2eeb4d02312b8328c2c1d2?s=96&d=mm&r=g","contentUrl":"https:\/\/secure.gravatar.com\/avatar\/693af98dd638563647fd8f4a298fd4192716c9627a2eeb4d02312b8328c2c1d2?s=96&d=mm&r=g","caption":"alba.moliner"},"url":"https:\/\/remedi-prima.eu\/es\/author\/alba-moliner\/"}]}},"_links":{"self":[{"href":"https:\/\/remedi-prima.eu\/es\/wp-json\/wp\/v2\/posts\/7287","targetHints":{"allow":["GET"]}}],"collection":[{"href":"https:\/\/remedi-prima.eu\/es\/wp-json\/wp\/v2\/posts"}],"about":[{"href":"https:\/\/remedi-prima.eu\/es\/wp-json\/wp\/v2\/types\/post"}],"author":[{"embeddable":true,"href":"https:\/\/remedi-prima.eu\/es\/wp-json\/wp\/v2\/users\/2"}],"replies":[{"embeddable":true,"href":"https:\/\/remedi-prima.eu\/es\/wp-json\/wp\/v2\/comments?post=7287"}],"version-history":[{"count":1,"href":"https:\/\/remedi-prima.eu\/es\/wp-json\/wp\/v2\/posts\/7287\/revisions"}],"predecessor-version":[{"id":7291,"href":"https:\/\/remedi-prima.eu\/es\/wp-json\/wp\/v2\/posts\/7287\/revisions\/7291"}],"wp:featuredmedia":[{"embeddable":true,"href":"https:\/\/remedi-prima.eu\/es\/wp-json\/wp\/v2\/media\/6777"}],"wp:attachment":[{"href":"https:\/\/remedi-prima.eu\/es\/wp-json\/wp\/v2\/media?parent=7287"}],"wp:term":[{"taxonomy":"category","embeddable":true,"href":"https:\/\/remedi-prima.eu\/es\/wp-json\/wp\/v2\/categories?post=7287"},{"taxonomy":"post_tag","embeddable":true,"href":"https:\/\/remedi-prima.eu\/es\/wp-json\/wp\/v2\/tags?post=7287"}],"curies":[{"name":"bien jugado","href":"https:\/\/api.w.org\/{rel}","templated":true}]}}