{"id":169,"date":"2026-07-13T13:31:00","date_gmt":"2026-07-13T11:31:00","guid":{"rendered":"https:\/\/remedi-prima.eu\/post002\/"},"modified":"2026-07-20T13:18:07","modified_gmt":"2026-07-20T11:18:07","slug":"mediterranan-rice-management-models-aim-to-enhance-biodiversity-and-improve-water-and-soil-quality","status":"publish","type":"post","link":"https:\/\/remedi-prima.eu\/ca\/mediterranan-rice-management-models-aim-to-enhance-biodiversity-and-improve-water-and-soil-quality\/","title":{"rendered":"Els models de gesti\u00f3 de l'arr\u00f2s mediterrani pretenen millorar la biodiversitat i la qualitat de l'aigua i del s\u00f2l"},"content":{"rendered":"<div data-elementor-type=\"wp-post\" data-elementor-id=\"169\" class=\"elementor elementor-169\" data-elementor-post-type=\"post\">\n\t\t\t\t\t\t<section class=\"elementor-section elementor-top-section elementor-element elementor-element-a72fa34 elementor-reverse-mobile elementor-section-boxed elementor-section-height-default elementor-section-height-default\" data-id=\"a72fa34\" data-element_type=\"section\" data-e-type=\"section\">\n\t\t\t\t\t\t<div class=\"elementor-container elementor-column-gap-wider\">\n\t\t\t\t\t<div class=\"elementor-column elementor-col-100 elementor-top-column elementor-element elementor-element-ee870b8\" data-id=\"ee870b8\" data-element_type=\"column\" data-e-type=\"column\">\n\t\t\t<div class=\"elementor-widget-wrap elementor-element-populated\">\n\t\t\t\t\t\t<div class=\"elementor-element elementor-element-23da6b0 elementor-widget elementor-widget-text-editor\" data-id=\"23da6b0\" data-element_type=\"widget\" data-e-type=\"widget\" data-widget_type=\"text-editor.default\">\n\t\t\t\t\t\t\t\t\t<p>El projecte Remedi, coordinat per <a href=\"https:\/\/eurecat.org\/home\/en\/\">Eurecat<\/a> desenvolupar\u00e0 un nou model de gesti\u00f3 per als sistemes de conreu d'arr\u00f2s a tot el Mediterrani, amb l'objectiu d'integrar l'agricultura i les zones humides per promoure pr\u00e0ctiques m\u00e9s sostenibles que millorin la biodiversitat i la qualitat de l'aigua i el s\u00f2l.<\/p>\n<p>La iniciativa se centrar\u00e0 en proporcionar solucions a reptes com el canvi clim\u00e0tic, la gesti\u00f3 de l'aigua, la conservaci\u00f3 de la biodiversitat i la producci\u00f3 d'aliments. Tamb\u00e9 busca refor\u00e7ar el paper dels agricultors com a actors clau en la conservaci\u00f3 dels aiguamolls, alhora que fomenta la col\u00b7laboraci\u00f3 entre organitzacions de recerca, autoritats p\u00fabliques i altres actors rellevants.<\/p>\n<blockquote>\n<p>\u201cEl projecte integra el cultiu d'arr\u00f2s i els aiguamolls com a sistema connectat que combina producci\u00f3 agr\u00e0ria i conservaci\u00f3 de la natura\u201d per primera vegada i incorporar\u00e0 \u201cpr\u00e0ctiques innovadores com l'agricultura biodin\u00e0mica i la gesti\u00f3 participativa de l'aigua, juntament amb el seguiment integrat de la biodiversitat, l'aigua i el carboni\u201d.\u201d<\/p>\n<p><b>Coordinadora de ReMedi, Carme Estruch, investigadora de la Unitat de Solucions Clim\u00e0tiques i Serveis Ecosist\u00e8mics d'Eurecat.<\/b><\/p>\n<\/blockquote>\t\t\t\t\t\t\t\t<\/div>\n\t\t\t\t<div class=\"elementor-element elementor-element-65d7d49 elementor-widget elementor-widget-spacer\" data-id=\"65d7d49\" data-element_type=\"widget\" data-e-type=\"widget\" data-widget_type=\"spacer.default\">\n\t\t\t\t\t\t\t<div class=\"elementor-spacer\">\n\t\t\t<div class=\"elementor-spacer-inner\"><\/div>\n\t\t<\/div>\n\t\t\t\t\t\t<\/div>\n\t\t\t\t<div class=\"elementor-element elementor-element-e820649 elementor-widget elementor-widget-text-editor\" data-id=\"e820649\" data-element_type=\"widget\" data-e-type=\"widget\" data-widget_type=\"text-editor.default\">\n\t\t\t\t\t\t\t\t\t<p><span class=\"TextRun SCXW121350070 BCX8\" lang=\"EN-GB\" xml:lang=\"EN-GB\" data-contrast=\"auto\"><span class=\"NormalTextRun SCXW121350070 BCX8\">Segons el director de la Unitat de Solucions Clim\u00e0tiques i Serveis Ecosist\u00e8mics d\u2019Eurecat, Nil \u00c1lvarez, aquest enfocament integrat es pot aplicar a diferents pa\u00efsos mediterranis.<\/span><\/span><\/p><blockquote><p><span data-contrast=\"auto\">\u201cAquest enfocament integrat generar\u00e0 models replicables que podran informar pol\u00edtiques futures i donar suport a recomanacions alineades amb els objectius del Pacte Verd Europeu i la Llei de Restauraci\u00f3 de la Natura.<\/span><span data-ccp-props=\"{&quot;335551550&quot;:6,&quot;335551620&quot;:6}\">\u00a0<\/span><\/p><\/blockquote>\t\t\t\t\t\t\t\t<\/div>\n\t\t\t\t<div class=\"elementor-element elementor-element-2148a9c elementor-widget elementor-widget-spacer\" data-id=\"2148a9c\" data-element_type=\"widget\" data-e-type=\"widget\" data-widget_type=\"spacer.default\">\n\t\t\t\t\t\t\t<div class=\"elementor-spacer\">\n\t\t\t<div class=\"elementor-spacer-inner\"><\/div>\n\t\t<\/div>\n\t\t\t\t\t\t<\/div>\n\t\t\t\t<div class=\"elementor-element elementor-element-f248b61 elementor-widget elementor-widget-text-editor\" data-id=\"f248b61\" data-element_type=\"widget\" data-e-type=\"widget\" data-widget_type=\"text-editor.default\">\n\t\t\t\t\t\t\t\t\t<p>La iniciativa implementar\u00e0 metodologies participatives basades en Living Labs, involucrant activament agricultors, investigadors, ONG i autoritats p\u00fabliques en el codisseny de solucions. Tamb\u00e9 inclour\u00e0 un sistema de monitoritzaci\u00f3 per avaluar de manera integrada la biodiversitat, la din\u00e0mica del carboni i els indicadors relacionats amb l'aigua.<\/p>\n<p><strong>Llocs pilot a Espanya, Egipte, It\u00e0lia i Turquia<\/strong><\/p>\n<p>El projecte s'implementar\u00e0 a <a href=\"https:\/\/remedi-prima.eu\/ca\/pilot-regions\/\">quatre llocs pilot<\/a> (Espanya, Egipte, It\u00e0lia i Turquia), on les solucions s'adaptaran als contextos locals. Al Delta de l'Ebre (Espanya), les activitats es centraran en la reducci\u00f3 d'emissions de gasos d'efecte hivernacle i en avan\u00e7ar cap a sistemes neutres en carboni mitjan\u00e7ant una millor gesti\u00f3 de l'aigua. A Egipte, el projecte promour\u00e0 t\u00e8cniques de cultiu biodin\u00e0mic adre\u00e7ades a augmentar l'efici\u00e8ncia h\u00eddrica i adaptar-se a les condicions de sequera. A It\u00e0lia, l'\u00e8mfasi es posar\u00e0 en l'agricultura ecol\u00f2gica i la conservaci\u00f3 de la biodiversitat dins de sistemes de producci\u00f3 intensiva. A Turquia, el projecte explorar\u00e0 cultius alternatius i models de cultiu compatibles amb l'escassetat d'aigua i la conservaci\u00f3 de zones humides.<\/p>\n<p>ReMedi t\u00e9 un pressupost total de 2,8 milions d'euros i est\u00e0 finan\u00e7at pel PRIMA Programme. El consorci est\u00e0 format per Eurecat, Sociedad de Ornitolog\u00eda (SEO\/BirdLife), Merckens Development Support, Heliopolis University, Organic Egypt Foundation, Polyculturae, Universit\u00e0 di Torino, Fondazione ACRA, Rete Semi Rurale i Do\u011fa Derne\u011fi.<\/p>\t\t\t\t\t\t\t\t<\/div>\n\t\t\t\t<div class=\"elementor-element elementor-element-1059684 elementor-widget elementor-widget-spacer\" data-id=\"1059684\" data-element_type=\"widget\" data-e-type=\"widget\" data-widget_type=\"spacer.default\">\n\t\t\t\t\t\t\t<div class=\"elementor-spacer\">\n\t\t\t<div class=\"elementor-spacer-inner\"><\/div>\n\t\t<\/div>\n\t\t\t\t\t\t<\/div>\n\t\t\t\t\t<\/div>\n\t\t<\/div>\n\t\t\t\t\t<\/div>\n\t\t<\/section>\n\t\t\t\t<\/div>","protected":false},"excerpt":{"rendered":"<p>The ReMedi project, coordinated by Eurecat technology centre, integrates rice cultivation and wetlands as a connected system for the first time, combining food production with nature conservation.<\/p>","protected":false},"author":1,"featured_media":7286,"comment_status":"open","ping_status":"open","sticky":false,"template":"","format":"standard","meta":{"footnotes":""},"categories":[40],"tags":[],"class_list":["post-169","post","type-post","status-publish","format-standard","has-post-thumbnail","hentry","category-press-releases"],"yoast_head":"<!-- This site is optimized with the Yoast SEO plugin v28.3 - https:\/\/yoast.com\/product\/yoast-seo-wordpress\/ -->\n<title>Mediterranean rice management models aim to enhance biodiversity and improve water and soil quality - remedi-prima<\/title>\n<meta name=\"description\" content=\"ReMedi develops innovative solutions to make Mediterranean rice systems more sustainable, resilient, and biodiversity-friendly\" \/>\n<meta name=\"robots\" content=\"index, follow, max-snippet:-1, max-image-preview:large, max-video-preview:-1\" \/>\n<link rel=\"canonical\" href=\"https:\/\/remedi-prima.eu\/ca\/mediterranan-rice-management-models-aim-to-enhance-biodiversity-and-improve-water-and-soil-quality\/\" \/>\n<meta property=\"og:locale\" content=\"ca_ES\" \/>\n<meta property=\"og:type\" content=\"article\" \/>\n<meta property=\"og:title\" content=\"Mediterranean rice management models aim to enhance biodiversity and improve water and soil quality - remedi-prima\" \/>\n<meta property=\"og:description\" content=\"ReMedi develops innovative solutions to make Mediterranean rice systems more sustainable, resilient, and biodiversity-friendly\" \/>\n<meta property=\"og:url\" content=\"https:\/\/remedi-prima.eu\/ca\/mediterranan-rice-management-models-aim-to-enhance-biodiversity-and-improve-water-and-soil-quality\/\" \/>\n<meta property=\"og:site_name\" content=\"remedi-prima\" \/>\n<meta property=\"article:published_time\" content=\"2026-07-13T11:31:00+00:00\" \/>\n<meta property=\"article:modified_time\" content=\"2026-07-20T11:18:07+00:00\" \/>\n<meta property=\"og:image\" content=\"https:\/\/remedi-prima.eu\/wp-content\/uploads\/2019\/11\/13102010-IMG_9907-scaled.jpg\" \/>\n\t<meta property=\"og:image:width\" content=\"2560\" \/>\n\t<meta property=\"og:image:height\" content=\"1707\" \/>\n\t<meta property=\"og:image:type\" content=\"image\/jpeg\" \/>\n<meta name=\"author\" content=\"admremedi\" \/>\n<meta name=\"twitter:card\" content=\"summary_large_image\" \/>\n<meta name=\"twitter:label1\" content=\"Escrit per\" \/>\n\t<meta name=\"twitter:data1\" content=\"admremedi\" \/>\n\t<meta name=\"twitter:label2\" content=\"Temps estimat de lectura\" \/>\n\t<meta name=\"twitter:data2\" content=\"2 minuts\" \/>\n<script type=\"application\/ld+json\" class=\"yoast-schema-graph\">{\"@context\":\"https:\\\/\\\/schema.org\",\"@graph\":[{\"@type\":\"Article\",\"@id\":\"https:\\\/\\\/remedi-prima.eu\\\/mediterranan-rice-management-models-aim-to-enhance-biodiversity-and-improve-water-and-soil-quality\\\/#article\",\"isPartOf\":{\"@id\":\"https:\\\/\\\/remedi-prima.eu\\\/mediterranan-rice-management-models-aim-to-enhance-biodiversity-and-improve-water-and-soil-quality\\\/\"},\"author\":{\"name\":\"admremedi\",\"@id\":\"https:\\\/\\\/remedi-prima.eu\\\/#\\\/schema\\\/person\\\/6f15034696010f407f344941d271b82d\"},\"headline\":\"Mediterranean rice management models aim to enhance biodiversity and improve water and soil quality\",\"datePublished\":\"2026-07-13T11:31:00+00:00\",\"dateModified\":\"2026-07-20T11:18:07+00:00\",\"mainEntityOfPage\":{\"@id\":\"https:\\\/\\\/remedi-prima.eu\\\/mediterranan-rice-management-models-aim-to-enhance-biodiversity-and-improve-water-and-soil-quality\\\/\"},\"wordCount\":407,\"commentCount\":0,\"publisher\":{\"@id\":\"https:\\\/\\\/remedi-prima.eu\\\/#organization\"},\"image\":{\"@id\":\"https:\\\/\\\/remedi-prima.eu\\\/mediterranan-rice-management-models-aim-to-enhance-biodiversity-and-improve-water-and-soil-quality\\\/#primaryimage\"},\"thumbnailUrl\":\"https:\\\/\\\/remedi-prima.eu\\\/wp-content\\\/uploads\\\/2019\\\/11\\\/13102010-IMG_9907-scaled.jpg\",\"articleSection\":[\"Press releases\"],\"inLanguage\":\"ca\",\"potentialAction\":[{\"@type\":\"CommentAction\",\"name\":\"Comment\",\"target\":[\"https:\\\/\\\/remedi-prima.eu\\\/mediterranan-rice-management-models-aim-to-enhance-biodiversity-and-improve-water-and-soil-quality\\\/#respond\"]}]},{\"@type\":\"WebPage\",\"@id\":\"https:\\\/\\\/remedi-prima.eu\\\/mediterranan-rice-management-models-aim-to-enhance-biodiversity-and-improve-water-and-soil-quality\\\/\",\"url\":\"https:\\\/\\\/remedi-prima.eu\\\/mediterranan-rice-management-models-aim-to-enhance-biodiversity-and-improve-water-and-soil-quality\\\/\",\"name\":\"Mediterranean rice management models aim to enhance biodiversity and improve water and soil quality - remedi-prima\",\"isPartOf\":{\"@id\":\"https:\\\/\\\/remedi-prima.eu\\\/#website\"},\"primaryImageOfPage\":{\"@id\":\"https:\\\/\\\/remedi-prima.eu\\\/mediterranan-rice-management-models-aim-to-enhance-biodiversity-and-improve-water-and-soil-quality\\\/#primaryimage\"},\"image\":{\"@id\":\"https:\\\/\\\/remedi-prima.eu\\\/mediterranan-rice-management-models-aim-to-enhance-biodiversity-and-improve-water-and-soil-quality\\\/#primaryimage\"},\"thumbnailUrl\":\"https:\\\/\\\/remedi-prima.eu\\\/wp-content\\\/uploads\\\/2019\\\/11\\\/13102010-IMG_9907-scaled.jpg\",\"datePublished\":\"2026-07-13T11:31:00+00:00\",\"dateModified\":\"2026-07-20T11:18:07+00:00\",\"description\":\"ReMedi develops innovative solutions to make Mediterranean rice systems more sustainable, resilient, and biodiversity-friendly\",\"breadcrumb\":{\"@id\":\"https:\\\/\\\/remedi-prima.eu\\\/mediterranan-rice-management-models-aim-to-enhance-biodiversity-and-improve-water-and-soil-quality\\\/#breadcrumb\"},\"inLanguage\":\"ca\",\"potentialAction\":[{\"@type\":\"ReadAction\",\"target\":[\"https:\\\/\\\/remedi-prima.eu\\\/mediterranan-rice-management-models-aim-to-enhance-biodiversity-and-improve-water-and-soil-quality\\\/\"]}]},{\"@type\":\"ImageObject\",\"inLanguage\":\"ca\",\"@id\":\"https:\\\/\\\/remedi-prima.eu\\\/mediterranan-rice-management-models-aim-to-enhance-biodiversity-and-improve-water-and-soil-quality\\\/#primaryimage\",\"url\":\"https:\\\/\\\/remedi-prima.eu\\\/wp-content\\\/uploads\\\/2019\\\/11\\\/13102010-IMG_9907-scaled.jpg\",\"contentUrl\":\"https:\\\/\\\/remedi-prima.eu\\\/wp-content\\\/uploads\\\/2019\\\/11\\\/13102010-IMG_9907-scaled.jpg\",\"width\":2560,\"height\":1707},{\"@type\":\"BreadcrumbList\",\"@id\":\"https:\\\/\\\/remedi-prima.eu\\\/mediterranan-rice-management-models-aim-to-enhance-biodiversity-and-improve-water-and-soil-quality\\\/#breadcrumb\",\"itemListElement\":[{\"@type\":\"ListItem\",\"position\":1,\"name\":\"Home\",\"item\":\"https:\\\/\\\/remedi-prima.eu\\\/\"},{\"@type\":\"ListItem\",\"position\":2,\"name\":\"Mediterranean rice management models aim to enhance biodiversity and improve water and soil quality\"}]},{\"@type\":\"WebSite\",\"@id\":\"https:\\\/\\\/remedi-prima.eu\\\/#website\",\"url\":\"https:\\\/\\\/remedi-prima.eu\\\/\",\"name\":\"remedi-prima\",\"description\":\"remedi-prima\",\"publisher\":{\"@id\":\"https:\\\/\\\/remedi-prima.eu\\\/#organization\"},\"potentialAction\":[{\"@type\":\"SearchAction\",\"target\":{\"@type\":\"EntryPoint\",\"urlTemplate\":\"https:\\\/\\\/remedi-prima.eu\\\/?s={search_term_string}\"},\"query-input\":{\"@type\":\"PropertyValueSpecification\",\"valueRequired\":true,\"valueName\":\"search_term_string\"}}],\"inLanguage\":\"ca\"},{\"@type\":\"Organization\",\"@id\":\"https:\\\/\\\/remedi-prima.eu\\\/#organization\",\"name\":\"remedi-prima\",\"url\":\"https:\\\/\\\/remedi-prima.eu\\\/\",\"logo\":{\"@type\":\"ImageObject\",\"inLanguage\":\"ca\",\"@id\":\"https:\\\/\\\/remedi-prima.eu\\\/#\\\/schema\\\/logo\\\/image\\\/\",\"url\":\"https:\\\/\\\/remedi-prima.eu\\\/wp-content\\\/uploads\\\/2026\\\/07\\\/REMEDI_COLOR-HORITZONTAL-1-scaled-e1784030286740.png\",\"contentUrl\":\"https:\\\/\\\/remedi-prima.eu\\\/wp-content\\\/uploads\\\/2026\\\/07\\\/REMEDI_COLOR-HORITZONTAL-1-scaled-e1784030286740.png\",\"width\":1800,\"height\":670,\"caption\":\"remedi-prima\"},\"image\":{\"@id\":\"https:\\\/\\\/remedi-prima.eu\\\/#\\\/schema\\\/logo\\\/image\\\/\"}},{\"@type\":\"Person\",\"@id\":\"https:\\\/\\\/remedi-prima.eu\\\/#\\\/schema\\\/person\\\/6f15034696010f407f344941d271b82d\",\"name\":\"admremedi\",\"image\":{\"@type\":\"ImageObject\",\"inLanguage\":\"ca\",\"@id\":\"https:\\\/\\\/secure.gravatar.com\\\/avatar\\\/f7f5343fefb573af23093b6caf336f6c19ed0300d229419ee5f1561d99838c31?s=96&d=mm&r=g\",\"url\":\"https:\\\/\\\/secure.gravatar.com\\\/avatar\\\/f7f5343fefb573af23093b6caf336f6c19ed0300d229419ee5f1561d99838c31?s=96&d=mm&r=g\",\"contentUrl\":\"https:\\\/\\\/secure.gravatar.com\\\/avatar\\\/f7f5343fefb573af23093b6caf336f6c19ed0300d229419ee5f1561d99838c31?s=96&d=mm&r=g\",\"caption\":\"admremedi\"},\"sameAs\":[\"https:\\\/\\\/remedi-prima.eu\"],\"url\":\"https:\\\/\\\/remedi-prima.eu\\\/ca\\\/author\\\/admremedi\\\/\"}]}<\/script>\n<!-- \/ Yoast SEO plugin. -->","yoast_head_json":{"title":"Mediterranean rice management models aim to enhance biodiversity and improve water and soil quality - remedi-prima","description":"ReMedi develops innovative solutions to make Mediterranean rice systems more sustainable, resilient, and biodiversity-friendly","robots":{"index":"index","follow":"follow","max-snippet":"max-snippet:-1","max-image-preview":"max-image-preview:large","max-video-preview":"max-video-preview:-1"},"canonical":"https:\/\/remedi-prima.eu\/ca\/mediterranan-rice-management-models-aim-to-enhance-biodiversity-and-improve-water-and-soil-quality\/","og_locale":"ca_ES","og_type":"article","og_title":"Mediterranean rice management models aim to enhance biodiversity and improve water and soil quality - remedi-prima","og_description":"ReMedi develops innovative solutions to make Mediterranean rice systems more sustainable, resilient, and biodiversity-friendly","og_url":"https:\/\/remedi-prima.eu\/ca\/mediterranan-rice-management-models-aim-to-enhance-biodiversity-and-improve-water-and-soil-quality\/","og_site_name":"remedi-prima","article_published_time":"2026-07-13T11:31:00+00:00","article_modified_time":"2026-07-20T11:18:07+00:00","og_image":[{"width":2560,"height":1707,"url":"https:\/\/remedi-prima.eu\/wp-content\/uploads\/2019\/11\/13102010-IMG_9907-scaled.jpg","type":"image\/jpeg"}],"author":"admremedi","twitter_card":"summary_large_image","twitter_misc":{"Escrit per":"admremedi","Temps estimat de lectura":"2 minuts"},"schema":{"@context":"https:\/\/schema.org","@graph":[{"@type":"Article","@id":"https:\/\/remedi-prima.eu\/mediterranan-rice-management-models-aim-to-enhance-biodiversity-and-improve-water-and-soil-quality\/#article","isPartOf":{"@id":"https:\/\/remedi-prima.eu\/mediterranan-rice-management-models-aim-to-enhance-biodiversity-and-improve-water-and-soil-quality\/"},"author":{"name":"admremedi","@id":"https:\/\/remedi-prima.eu\/#\/schema\/person\/6f15034696010f407f344941d271b82d"},"headline":"Mediterranean rice management models aim to enhance biodiversity and improve water and soil quality","datePublished":"2026-07-13T11:31:00+00:00","dateModified":"2026-07-20T11:18:07+00:00","mainEntityOfPage":{"@id":"https:\/\/remedi-prima.eu\/mediterranan-rice-management-models-aim-to-enhance-biodiversity-and-improve-water-and-soil-quality\/"},"wordCount":407,"commentCount":0,"publisher":{"@id":"https:\/\/remedi-prima.eu\/#organization"},"image":{"@id":"https:\/\/remedi-prima.eu\/mediterranan-rice-management-models-aim-to-enhance-biodiversity-and-improve-water-and-soil-quality\/#primaryimage"},"thumbnailUrl":"https:\/\/remedi-prima.eu\/wp-content\/uploads\/2019\/11\/13102010-IMG_9907-scaled.jpg","articleSection":["Press releases"],"inLanguage":"ca","potentialAction":[{"@type":"CommentAction","name":"Comment","target":["https:\/\/remedi-prima.eu\/mediterranan-rice-management-models-aim-to-enhance-biodiversity-and-improve-water-and-soil-quality\/#respond"]}]},{"@type":"WebPage","@id":"https:\/\/remedi-prima.eu\/mediterranan-rice-management-models-aim-to-enhance-biodiversity-and-improve-water-and-soil-quality\/","url":"https:\/\/remedi-prima.eu\/mediterranan-rice-management-models-aim-to-enhance-biodiversity-and-improve-water-and-soil-quality\/","name":"Mediterranean rice management models aim to enhance biodiversity and improve water and soil quality - remedi-prima","isPartOf":{"@id":"https:\/\/remedi-prima.eu\/#website"},"primaryImageOfPage":{"@id":"https:\/\/remedi-prima.eu\/mediterranan-rice-management-models-aim-to-enhance-biodiversity-and-improve-water-and-soil-quality\/#primaryimage"},"image":{"@id":"https:\/\/remedi-prima.eu\/mediterranan-rice-management-models-aim-to-enhance-biodiversity-and-improve-water-and-soil-quality\/#primaryimage"},"thumbnailUrl":"https:\/\/remedi-prima.eu\/wp-content\/uploads\/2019\/11\/13102010-IMG_9907-scaled.jpg","datePublished":"2026-07-13T11:31:00+00:00","dateModified":"2026-07-20T11:18:07+00:00","description":"ReMedi develops innovative solutions to make Mediterranean rice systems more sustainable, resilient, and biodiversity-friendly","breadcrumb":{"@id":"https:\/\/remedi-prima.eu\/mediterranan-rice-management-models-aim-to-enhance-biodiversity-and-improve-water-and-soil-quality\/#breadcrumb"},"inLanguage":"ca","potentialAction":[{"@type":"ReadAction","target":["https:\/\/remedi-prima.eu\/mediterranan-rice-management-models-aim-to-enhance-biodiversity-and-improve-water-and-soil-quality\/"]}]},{"@type":"ImageObject","inLanguage":"ca","@id":"https:\/\/remedi-prima.eu\/mediterranan-rice-management-models-aim-to-enhance-biodiversity-and-improve-water-and-soil-quality\/#primaryimage","url":"https:\/\/remedi-prima.eu\/wp-content\/uploads\/2019\/11\/13102010-IMG_9907-scaled.jpg","contentUrl":"https:\/\/remedi-prima.eu\/wp-content\/uploads\/2019\/11\/13102010-IMG_9907-scaled.jpg","width":2560,"height":1707},{"@type":"BreadcrumbList","@id":"https:\/\/remedi-prima.eu\/mediterranan-rice-management-models-aim-to-enhance-biodiversity-and-improve-water-and-soil-quality\/#breadcrumb","itemListElement":[{"@type":"ListItem","position":1,"name":"Home","item":"https:\/\/remedi-prima.eu\/"},{"@type":"ListItem","position":2,"name":"Mediterranean rice management models aim to enhance biodiversity and improve water and soil quality"}]},{"@type":"WebSite","@id":"https:\/\/remedi-prima.eu\/#website","url":"https:\/\/remedi-prima.eu\/","name":"remedi-prima","description":"remedi-prima","publisher":{"@id":"https:\/\/remedi-prima.eu\/#organization"},"potentialAction":[{"@type":"SearchAction","target":{"@type":"EntryPoint","urlTemplate":"https:\/\/remedi-prima.eu\/?s={search_term_string}"},"query-input":{"@type":"PropertyValueSpecification","valueRequired":true,"valueName":"search_term_string"}}],"inLanguage":"ca"},{"@type":"Organization","@id":"https:\/\/remedi-prima.eu\/#organization","name":"remedi-prima","url":"https:\/\/remedi-prima.eu\/","logo":{"@type":"ImageObject","inLanguage":"ca","@id":"https:\/\/remedi-prima.eu\/#\/schema\/logo\/image\/","url":"https:\/\/remedi-prima.eu\/wp-content\/uploads\/2026\/07\/REMEDI_COLOR-HORITZONTAL-1-scaled-e1784030286740.png","contentUrl":"https:\/\/remedi-prima.eu\/wp-content\/uploads\/2026\/07\/REMEDI_COLOR-HORITZONTAL-1-scaled-e1784030286740.png","width":1800,"height":670,"caption":"remedi-prima"},"image":{"@id":"https:\/\/remedi-prima.eu\/#\/schema\/logo\/image\/"}},{"@type":"Person","@id":"https:\/\/remedi-prima.eu\/#\/schema\/person\/6f15034696010f407f344941d271b82d","name":"admremedi","image":{"@type":"ImageObject","inLanguage":"ca","@id":"https:\/\/secure.gravatar.com\/avatar\/f7f5343fefb573af23093b6caf336f6c19ed0300d229419ee5f1561d99838c31?s=96&d=mm&r=g","url":"https:\/\/secure.gravatar.com\/avatar\/f7f5343fefb573af23093b6caf336f6c19ed0300d229419ee5f1561d99838c31?s=96&d=mm&r=g","contentUrl":"https:\/\/secure.gravatar.com\/avatar\/f7f5343fefb573af23093b6caf336f6c19ed0300d229419ee5f1561d99838c31?s=96&d=mm&r=g","caption":"admremedi"},"sameAs":["https:\/\/remedi-prima.eu"],"url":"https:\/\/remedi-prima.eu\/ca\/author\/admremedi\/"}]}},"_links":{"self":[{"href":"https:\/\/remedi-prima.eu\/ca\/wp-json\/wp\/v2\/posts\/169","targetHints":{"allow":["GET"]}}],"collection":[{"href":"https:\/\/remedi-prima.eu\/ca\/wp-json\/wp\/v2\/posts"}],"about":[{"href":"https:\/\/remedi-prima.eu\/ca\/wp-json\/wp\/v2\/types\/post"}],"author":[{"embeddable":true,"href":"https:\/\/remedi-prima.eu\/ca\/wp-json\/wp\/v2\/users\/1"}],"replies":[{"embeddable":true,"href":"https:\/\/remedi-prima.eu\/ca\/wp-json\/wp\/v2\/comments?post=169"}],"version-history":[{"count":1,"href":"https:\/\/remedi-prima.eu\/ca\/wp-json\/wp\/v2\/posts\/169\/revisions"}],"predecessor-version":[{"id":7830,"href":"https:\/\/remedi-prima.eu\/ca\/wp-json\/wp\/v2\/posts\/169\/revisions\/7830"}],"wp:featuredmedia":[{"embeddable":true,"href":"https:\/\/remedi-prima.eu\/ca\/wp-json\/wp\/v2\/media\/7286"}],"wp:attachment":[{"href":"https:\/\/remedi-prima.eu\/ca\/wp-json\/wp\/v2\/media?parent=169"}],"wp:term":[{"taxonomy":"category","embeddable":true,"href":"https:\/\/remedi-prima.eu\/ca\/wp-json\/wp\/v2\/categories?post=169"},{"taxonomy":"post_tag","embeddable":true,"href":"https:\/\/remedi-prima.eu\/ca\/wp-json\/wp\/v2\/tags?post=169"}],"curies":[{"name":"wp","href":"https:\/\/api.w.org\/{rel}","templated":true}]}}